{"id":1901,"date":"2018-12-10T11:14:58","date_gmt":"2018-12-10T10:14:58","guid":{"rendered":"http:\/\/www.wakiga-welden.de\/?p=1901"},"modified":"2020-07-11T16:05:44","modified_gmt":"2020-07-11T15:05:44","slug":"waldkindergarten-welden-setzt-sich-beim-weihnachtsmarkt-fuer-den-tropischen-regenwald-ein","status":"publish","type":"post","link":"https:\/\/www.wakiga-welden.de\/?p=1901","title":{"rendered":"Waldkindergarten Welden setzt sich beim Weihnachtsmarkt f\u00fcr den tropischen Regenwald ein"},"content":{"rendered":"<p>Im Rahmen des Weldener Weihnachtsmarktes organisierte der Waldkindergarten einen Vortrag \u00fcber den tropischen Regenwald. Der Vorsitzende des Vereins &#8222;Kinderregenwald e.V.&#8220; Roland Paul erz\u00e4hlte am 2. Adventssonntag zahlreichen Kindern und Eltern im gut besuchten Physiksaal bei Punsch und Pl\u00e4tzchen spannende Regenwaldgeschichten. Die Hauptdarsteller waren dabei Urwald-Riesenb\u00e4ume, Faultiere, Tapire und Rotaugenfr\u00f6sche. Leider wird jede Minute eine Fl\u00e4che von ca. 37 Fu\u00dfballfeldern Regenwald zerst\u00f6rt. Ein Gro\u00dfteil der gr\u00fcnen Lunge unserer Erde ist bereits vernichtet. Durch den Vortrag wurden ca. 200\u20ac an Spenden gesammelt, die \u00fcber den Verein von Roland Paul direkt in den Erhalt des Regenwaldes flie\u00dfen.<\/p>\n<p>Um auch die heimische Tierwelt zu unterst\u00fctzen haben viele junge Besucher des Weihnachtsmarktes beim Stand des Waldkindergartens mit gro\u00dfem Eifer 150 Meisenkn\u00f6del hergestellt. Beim Mischen von K\u00f6rnern mit Fett hatten die Kinder viel Freude. Traditionell wurden auch die beliebten Waldkindergarten-Pl\u00e4tzchent\u00fcten wieder angeboten und in diesem Jahr in Rekordtempo verkauft.<\/p>\n<p>Bereits am Freitag vor dem Weihnachtsmarkt beim Adventsfenster des Jugendtreffs erhielten beide Weldener Kinderg\u00e4rten vom Gartenbauverein eine Spende von jeweils 800\u20ac. F\u00fcr diese Gro\u00dfz\u00fcgigkeit m\u00f6chte sich der Waldkindergarten bei den Gartenbauern ganz herzlich bedanken.<\/p>\n","protected":false},"excerpt":{"rendered":"<p>Im Rahmen des Weldener Weihnachtsmarktes organisierte der Waldkindergarten einen Vortrag \u00fcber den tropischen Regenwald. Der Vorsitzende des Vereins &#8222;Kinderregenwald e.V.&#8220; Roland Paul erz\u00e4hlte am 2. Adventssonntag zahlreichen Kindern und Eltern im gut besuchten Physiksaal bei Punsch und Pl\u00e4tzchen spannende Regenwaldgeschichten. &hellip; <a href=\"https:\/\/www.wakiga-welden.de\/?p=1901\">Weiterlesen <span class=\"meta-nav\">&rarr;<\/span><\/a><\/p>\n","protected":false},"author":4,"featured_media":0,"comment_status":"open","ping_status":"open","sticky":false,"template":"","format":"standard","meta":{"footnotes":""},"categories":[1],"tags":[],"class_list":["post-1901","post","type-post","status-publish","format-standard","hentry","category-aktuelles"],"_links":{"self":[{"href":"https:\/\/www.wakiga-welden.de\/index.php?rest_route=\/wp\/v2\/posts\/1901"}],"collection":[{"href":"https:\/\/www.wakiga-welden.de\/index.php?rest_route=\/wp\/v2\/posts"}],"about":[{"href":"https:\/\/www.wakiga-welden.de\/index.php?rest_route=\/wp\/v2\/types\/post"}],"author":[{"embeddable":true,"href":"https:\/\/www.wakiga-welden.de\/index.php?rest_route=\/wp\/v2\/users\/4"}],"replies":[{"embeddable":true,"href":"https:\/\/www.wakiga-welden.de\/index.php?rest_route=%2Fwp%2Fv2%2Fcomments&post=1901"}],"version-history":[{"count":1,"href":"https:\/\/www.wakiga-welden.de\/index.php?rest_route=\/wp\/v2\/posts\/1901\/revisions"}],"predecessor-version":[{"id":1902,"href":"https:\/\/www.wakiga-welden.de\/index.php?rest_route=\/wp\/v2\/posts\/1901\/revisions\/1902"}],"wp:attachment":[{"href":"https:\/\/www.wakiga-welden.de\/index.php?rest_route=%2Fwp%2Fv2%2Fmedia&parent=1901"}],"wp:term":[{"taxonomy":"category","embeddable":true,"href":"https:\/\/www.wakiga-welden.de\/index.php?rest_route=%2Fwp%2Fv2%2Fcategories&post=1901"},{"taxonomy":"post_tag","embeddable":true,"href":"https:\/\/www.wakiga-welden.de\/index.php?rest_route=%2Fwp%2Fv2%2Ftags&post=1901"}],"curies":[{"name":"wp","href":"https:\/\/api.w.org\/{rel}","templated":true}]}}