{"id":1922,"date":"2019-06-24T13:50:58","date_gmt":"2019-06-24T12:50:58","guid":{"rendered":"http:\/\/www.wakiga-welden.de\/?p=1922"},"modified":"2020-08-01T17:33:52","modified_gmt":"2020-08-01T16:33:52","slug":"sprachentwicklung-im-waldkindergarten","status":"publish","type":"post","link":"https:\/\/www.wakiga-welden.de\/?p=1922","title":{"rendered":"Sprachentwicklung im Waldkindergarten"},"content":{"rendered":"<p>\u00dcberall wo Menschen sich begegnen, begegnet uns auch Sprache. Diese kann verbal und nonverbal erfolgen. F\u00fcr Kinder ist die nonverbale Ausdrucksform, also Mimik, Gestik und Tonfall von gro\u00dfer Bedeutung und oftmals aussagekr\u00e4ftiger, als das gesprochene Wort. Unsicherheit entsteht in dem Moment, wenn verbale und nonverbale Sprache nicht zusammenpassen.<\/p>\n<p>Der Spracherwerb von Kindern geschieht \u00fcberwiegend im Alltag durch die Interaktion mit Erwachsenden und anderen Kindern. Alle T\u00e4tigkeiten und Aktivit\u00e4ten im Kindergarten und zu Hause regen die sprachliche Entwicklung, sowie die Weiterentwicklung des Wortschatzes an. Wir sprechen hier von alltagsintegrierter Sprachf\u00f6rderung.<\/p>\n<p>Wir k\u00f6nnen diese Entwicklung steuern und f\u00f6rdern, indem wir uns f\u00fcr das Kind und sein Tun interessieren. Wenn wir uns Zeit nehmen zum aktiven Zuh\u00f6ren, k\u00f6nnen wir Verstandnis- und Interessensfragen stellen, die das Gespr\u00e4ch intensivieren und ihm eine neue Richtung geben. Neue Impulse erweitern den Wortschatz.<br \/>\nLasst uns eintauchen in die Welt des Kindes. Auf diese Weise k\u00f6nnen wir uns auf die Bed\u00fcrfnisse, W\u00fcnsche und Emotionen des Kindes einstellen. Gerade Emotionen sind f\u00fcr Kinder schwer in Worte zu fassen. Die Verbindung des Wortes &#8222;w\u00fctend&#8220; mit dem inneren Gef\u00fchl muss erst entstehen und es liegt an uns, dem Kind das entsprechende Wort f\u00fcr seine Befindlichkeit zu sagen. Je mehr ein Kind lernt, seine eigenen Gef\u00fchle in sich zu erkennen, zu definieren und zu benennen, desto differenzierter wird auch sein Denken und Handeln.<\/p>\n<p>Mit zunehmendem Alter wird die Sprach\u00e4u\u00dferung komplexer. Die S\u00e4tze beziehen sich aufeinander, bilden eine geschlossene und zusammenh\u00e4ngende Mitteilung: es entsteht ein Text.<\/p>\n<p>So ist letzte Woche ein Bilderbuch im Kindergarten entstanden. Diese Art des Erz\u00e4hlens hebt sich von der allt\u00e4glichen Sprachverwendung ab. Sie folgt einem festen Bauplan: ein auergew\u00f6hnliches Ereignis, das den Akteuren in der Geschichte zu einer bestimmten Zeit und an einem bestimmten Ort widerf\u00e4hrt.<\/p>\n<p>Valerie und Hannah haben sich diese wundersch\u00f6ne Geschichte ausgedacht und bebildert. Vielen lieben Dank an euch und eure Familien, die mir gestatten, dieses Bilderbuch auf unsere Homepage zu stellen, um zu zeigen, das Sprachf\u00f6rderung im Kindergarten nicht nur mit aufwendigen Sprachprogrammen funktioniert.<\/p>\n<p>Seid ihr neugierig geworden auf die Geschichte? Dann bitte die nachfolgende pdf Datei anklicken: J<br \/>\n<a href=\"http:\/\/www.wakiga-welden.de\/wp-content\/uploads\/2019\/06\/Die-Geschichte-von-der-Prinzessin-im-rosa-Schlo\u00c3\u0178.pdf\">Die Geschichte von der Prinzessin im rosa Schloss<\/a><\/p>\n","protected":false},"excerpt":{"rendered":"<p>\u00dcberall wo Menschen sich begegnen, begegnet uns auch Sprache. Diese kann verbal und nonverbal erfolgen. F\u00fcr Kinder ist die nonverbale Ausdrucksform, also Mimik, Gestik und Tonfall von gro\u00dfer Bedeutung und oftmals aussagekr\u00e4ftiger, als das gesprochene Wort. Unsicherheit entsteht in dem &hellip; <a href=\"https:\/\/www.wakiga-welden.de\/?p=1922\">Weiterlesen <span class=\"meta-nav\">&rarr;<\/span><\/a><\/p>\n","protected":false},"author":4,"featured_media":0,"comment_status":"open","ping_status":"open","sticky":false,"template":"","format":"standard","meta":{"footnotes":""},"categories":[1],"tags":[],"class_list":["post-1922","post","type-post","status-publish","format-standard","hentry","category-aktuelles"],"_links":{"self":[{"href":"https:\/\/www.wakiga-welden.de\/index.php?rest_route=\/wp\/v2\/posts\/1922"}],"collection":[{"href":"https:\/\/www.wakiga-welden.de\/index.php?rest_route=\/wp\/v2\/posts"}],"about":[{"href":"https:\/\/www.wakiga-welden.de\/index.php?rest_route=\/wp\/v2\/types\/post"}],"author":[{"embeddable":true,"href":"https:\/\/www.wakiga-welden.de\/index.php?rest_route=\/wp\/v2\/users\/4"}],"replies":[{"embeddable":true,"href":"https:\/\/www.wakiga-welden.de\/index.php?rest_route=%2Fwp%2Fv2%2Fcomments&post=1922"}],"version-history":[{"count":1,"href":"https:\/\/www.wakiga-welden.de\/index.php?rest_route=\/wp\/v2\/posts\/1922\/revisions"}],"predecessor-version":[{"id":1924,"href":"https:\/\/www.wakiga-welden.de\/index.php?rest_route=\/wp\/v2\/posts\/1922\/revisions\/1924"}],"wp:attachment":[{"href":"https:\/\/www.wakiga-welden.de\/index.php?rest_route=%2Fwp%2Fv2%2Fmedia&parent=1922"}],"wp:term":[{"taxonomy":"category","embeddable":true,"href":"https:\/\/www.wakiga-welden.de\/index.php?rest_route=%2Fwp%2Fv2%2Fcategories&post=1922"},{"taxonomy":"post_tag","embeddable":true,"href":"https:\/\/www.wakiga-welden.de\/index.php?rest_route=%2Fwp%2Fv2%2Ftags&post=1922"}],"curies":[{"name":"wp","href":"https:\/\/api.w.org\/{rel}","templated":true}]}}