{"id":618,"date":"2012-10-26T14:04:52","date_gmt":"2012-10-26T14:04:52","guid":{"rendered":"http:\/\/www.wakiga-welden.de\/?p=618"},"modified":"2020-07-15T14:00:54","modified_gmt":"2020-07-15T13:00:54","slug":"alles-neu-alles-schoner","status":"publish","type":"post","link":"https:\/\/www.wakiga-welden.de\/?p=618","title":{"rendered":"Alles neu, alles sch\u00f6ner"},"content":{"rendered":"<p>Liebe Eltern, das gro\u00dfe Jubil\u00e4um unseres Waldkindergartens steht bevor. Nicht nur deshalb war es an der Zeit, den Internetauftritt wieder auf den neuesten Stand zu bringen. Wir hoffen, das neue Design der Webseite gef\u00e4llt allen. Trotz umfangreicher Pr\u00fcfung aller Funktionen, k\u00f6nnte es sein, dass wir ein oder zwei Fehler vielleicht \u00fcbersehen haben. Sollte Ihnen noch ein Fehler auffallen, wir sind dankbar f\u00fcr jeden Hinweis. Unser Web-Team wird sich zeitnah darum k\u00fcmmern und den Fehler beheben. Also, wer etwas findet, einfach eine Mail an die genannten Adressen auf der <a title=\"Kontakt Waldkindergarten Welden\" href=\"http:\/\/www.wakiga-welden.de\/?page_id=3\">Kontakt-Seite<\/a> schicken.<br \/>\nViel Spa\u00df beim st\u00f6bern \ud83d\ude09<\/p>\n","protected":false},"excerpt":{"rendered":"<p>Liebe Eltern, das gro\u00dfe Jubil\u00e4um unseres Waldkindergartens steht bevor. Nicht nur deshalb war es an der Zeit, den Internetauftritt wieder auf den neuesten Stand zu bringen. Wir hoffen, das neue Design der Webseite gef\u00e4llt allen. Trotz umfangreicher Pr\u00fcfung aller Funktionen, &hellip; <a href=\"https:\/\/www.wakiga-welden.de\/?p=618\">Weiterlesen <span class=\"meta-nav\">&rarr;<\/span><\/a><\/p>\n","protected":false},"author":4,"featured_media":0,"comment_status":"open","ping_status":"open","sticky":false,"template":"","format":"standard","meta":{"footnotes":""},"categories":[1],"tags":[],"class_list":["post-618","post","type-post","status-publish","format-standard","hentry","category-aktuelles"],"_links":{"self":[{"href":"https:\/\/www.wakiga-welden.de\/index.php?rest_route=\/wp\/v2\/posts\/618"}],"collection":[{"href":"https:\/\/www.wakiga-welden.de\/index.php?rest_route=\/wp\/v2\/posts"}],"about":[{"href":"https:\/\/www.wakiga-welden.de\/index.php?rest_route=\/wp\/v2\/types\/post"}],"author":[{"embeddable":true,"href":"https:\/\/www.wakiga-welden.de\/index.php?rest_route=\/wp\/v2\/users\/4"}],"replies":[{"embeddable":true,"href":"https:\/\/www.wakiga-welden.de\/index.php?rest_route=%2Fwp%2Fv2%2Fcomments&post=618"}],"version-history":[{"count":5,"href":"https:\/\/www.wakiga-welden.de\/index.php?rest_route=\/wp\/v2\/posts\/618\/revisions"}],"predecessor-version":[{"id":627,"href":"https:\/\/www.wakiga-welden.de\/index.php?rest_route=\/wp\/v2\/posts\/618\/revisions\/627"}],"wp:attachment":[{"href":"https:\/\/www.wakiga-welden.de\/index.php?rest_route=%2Fwp%2Fv2%2Fmedia&parent=618"}],"wp:term":[{"taxonomy":"category","embeddable":true,"href":"https:\/\/www.wakiga-welden.de\/index.php?rest_route=%2Fwp%2Fv2%2Fcategories&post=618"},{"taxonomy":"post_tag","embeddable":true,"href":"https:\/\/www.wakiga-welden.de\/index.php?rest_route=%2Fwp%2Fv2%2Ftags&post=618"}],"curies":[{"name":"wp","href":"https:\/\/api.w.org\/{rel}","templated":true}]}}